{"id":41164,"date":"2026-03-26T09:23:06","date_gmt":"2026-03-26T07:23:06","guid":{"rendered":"https:\/\/pedmede.gr\/?p=41164"},"modified":"2026-03-26T09:23:06","modified_gmt":"2026-03-26T07:23:06","slug":"fiec-newsletter-24-march-2026","status":"publish","type":"post","link":"https:\/\/pedmede.gr\/en\/fiec-newsletter-24-march-2026\/","title":{"rendered":"FIEC Newsletter &#8211; 24 March 2026"},"content":{"rendered":"<div class=\"wpb-content-wrapper\"><p>[vc_row margin_bottom=&#8221;50&#8243; css=&#8221;.vc_custom_1568973883443{margin-bottom: 25px !important;}&#8221;][vc_column width=&#8221;1\/4&#8243;][vc_column_text css=&#8221;&#8221;]<img loading=\"lazy\" decoding=\"async\" class=\"aligncenter size-full wp-image-41153\" src=\"https:\/\/pedmede.gr\/wp-content\/uploads\/2026\/03\/06a7358f-d872-215e-c7cf-bce375ca0fcf.jpg\" alt=\"\" width=\"500\" height=\"375\" srcset=\"https:\/\/pedmede.gr\/wp-content\/uploads\/2026\/03\/06a7358f-d872-215e-c7cf-bce375ca0fcf.jpg 500w, https:\/\/pedmede.gr\/wp-content\/uploads\/2026\/03\/06a7358f-d872-215e-c7cf-bce375ca0fcf-300x225.jpg 300w\" sizes=\"auto, (max-width: 500px) 100vw, 500px\" \/>[\/vc_column_text][\/vc_column][vc_column width=&#8221;3\/4&#8243;][vc_column_text css=&#8221;&#8221;]<\/p>\n<h3 class=\"null\">Election of Fr\u00e9d\u00e9ric Carr\u00e9, new FFB President<\/h3>\n<div>\n<p>Fr\u00e9d\u00e9ric Carr\u00e9 was elected President of FIEC&#8217;s French member federation, F\u00e9d\u00e9ration Fran\u00e7aise du B\u00e2timent (FFB), during the board meeting held on Friday, 20 March 2026.\u00a0He will take up his position on Friday 19 June 2026, following the next FFB board meeting. He will succeed Olivier Salleron, who has been President since 2020.<\/p>\n<p>Aged 51, Fr\u00e9d\u00e9ric Carr\u00e9 is President of the Groupe Carr\u00e9, a metalworking and structural steel\u00a0construction group with 150 employees based in Tournefeuille.<\/p>\n<p>He is currently Vice-President and Chairman of the FFB\u2019s Regional Council, as well as President of the Occitanie Regional Federation.<\/p>\n<p>FIEC sends its warmest congratulations to the newly elected President.<\/p>\n<\/div>\n<p>&nbsp;<\/p>\n<table border=\"0\" cellspacing=\"0\" cellpadding=\"0\">\n<tbody>\n<tr>\n<td align=\"center\" valign=\"middle\" bgcolor=\"#e40613\" width=\"150\" height=\"35\"><a href=\"https:\/\/www.ffbatiment.fr\/\" target=\"_blank\" rel=\"noopener\">\u00a0\u00a0\u00a0<strong>Read more<\/strong>\u00a0\u00a0\u00a0<\/a><\/td>\n<\/tr>\n<\/tbody>\n<\/table>\n<p>[\/vc_column_text][\/vc_column][\/vc_row][vc_row margin_bottom=&#8221;50&#8243; css=&#8221;.vc_custom_1568973883443{margin-bottom: 25px !important;}&#8221;][vc_column width=&#8221;1\/4&#8243;][vc_column_text css=&#8221;&#8221;]<img loading=\"lazy\" decoding=\"async\" class=\"aligncenter size-full wp-image-40940\" src=\"https:\/\/pedmede.gr\/wp-content\/uploads\/2026\/03\/9f70e42a-bba6-5edc-4dc7-9cc60058de69.jpg\" alt=\"\" width=\"350\" height=\"297\" srcset=\"https:\/\/pedmede.gr\/wp-content\/uploads\/2026\/03\/9f70e42a-bba6-5edc-4dc7-9cc60058de69.jpg 350w, https:\/\/pedmede.gr\/wp-content\/uploads\/2026\/03\/9f70e42a-bba6-5edc-4dc7-9cc60058de69-300x255.jpg 300w\" sizes=\"auto, (max-width: 350px) 100vw, 350px\" \/>[\/vc_column_text][\/vc_column][vc_column width=&#8221;3\/4&#8243;][vc_column_text css=&#8221;&#8221;]<\/p>\n<h3>European Commission investigates into building permits across the EU<\/h3>\n<div>\n<p>In the framework of the\u00a0<em>European Affordable Housing Plan<\/em>\u00a0and the\u00a0<em>European Strategy for Housing Construction<\/em>, the European Commission decided to\u00a0conduct a mapping of building permits for housing in the EU, which aims to assess housing building permitting procedures across all 27 EU Member States, covering their complexity, digitalisation, and impact on housing availability and project costs.<\/p>\n<p>An ongoing survey addressed to practitioners covers concrete experience with the administrative steps involved, the level of digitalisation of the process, key bottlenecks and pain points. It is open until 24 April and the results will be feeding\u00a0the upcoming\u00a0<em>European Affordable Housing Plan<\/em>\u00a0including an EU&#8217;s housing simplification package.<\/p>\n<\/div>\n<p>&nbsp;<\/p>\n<table border=\"0\" cellspacing=\"0\" cellpadding=\"0\">\n<tbody>\n<tr>\n<td align=\"center\" valign=\"middle\" bgcolor=\"#e40613\" width=\"150\" height=\"35\"><a href=\"https:\/\/ec.europa.eu\/eusurvey\/runner\/StudyOnBuildingPermits_Survey_Applicants\" target=\"_blank\" rel=\"noopener\">\u00a0\u00a0\u00a0<strong>Read more<\/strong>\u00a0\u00a0\u00a0<\/a><\/td>\n<\/tr>\n<\/tbody>\n<\/table>\n<p>[\/vc_column_text][\/vc_column][\/vc_row][vc_row margin_bottom=&#8221;50&#8243; css=&#8221;.vc_custom_1568973883443{margin-bottom: 25px !important;}&#8221;][vc_column width=&#8221;1\/4&#8243;][vc_column_text css=&#8221;&#8221;]<img loading=\"lazy\" decoding=\"async\" class=\"aligncenter size-full wp-image-41155\" src=\"https:\/\/pedmede.gr\/wp-content\/uploads\/2026\/03\/dd28e2a2-d4e0-1344-15dd-ac3e656fbaff.png\" alt=\"\" width=\"370\" height=\"208\" srcset=\"https:\/\/pedmede.gr\/wp-content\/uploads\/2026\/03\/dd28e2a2-d4e0-1344-15dd-ac3e656fbaff.png 370w, https:\/\/pedmede.gr\/wp-content\/uploads\/2026\/03\/dd28e2a2-d4e0-1344-15dd-ac3e656fbaff-300x169.png 300w\" sizes=\"auto, (max-width: 370px) 100vw, 370px\" \/>[\/vc_column_text][\/vc_column][vc_column width=&#8221;3\/4&#8243;][vc_column_text css=&#8221;&#8221;]<\/p>\n<h3>European Commission consults for an &#8220;Affordable Housing Act&#8221;<\/h3>\n<div><\/div>\n<div>\n<div>\n<p>On 6 March, the European Commission launched a Consultation in view of proposing an \u201c<em>Affordable Housing Act<\/em>\u201d (i.e. legislative proposal) by the end of the year.<\/p>\n<p>This initiative, which is part of the\u00a0<em>European Affordable Housing Plan<\/em>, will aim at supporting public authorities in identifying areas of housing stress, based on publicly available data, and enable them, in full respect of subsidiarity, to take measures to protect and promote housing affordability in those areas, in particular through a legislative initiative on short-term rentals (STRs), which will be a central component of the\u00a0<em>Affordable Housing Act<\/em>, as well as through a collection of good practices for accelerating the housing supply in these stressed areas.<\/p>\n<p>The\u00a0<em>Call for Evidence<\/em>\u00a0is open until 3\u00a0April.<\/p>\n<\/div>\n<table border=\"0\" cellspacing=\"0\" cellpadding=\"0\">\n<tbody>\n<tr>\n<td align=\"center\" valign=\"middle\" bgcolor=\"#e40613\" width=\"150\" height=\"35\"><a href=\"https:\/\/ec.europa.eu\/info\/law\/better-regulation\/have-your-say\/initiatives\/17214-Affordable-housing-act_en\" target=\"_blank\" rel=\"noopener\">\u00a0\u00a0\u00a0<strong>Read more<\/strong>\u00a0\u00a0\u00a0<\/a><\/td>\n<\/tr>\n<\/tbody>\n<\/table>\n<\/div>\n<p>[\/vc_column_text][\/vc_column][\/vc_row][vc_row margin_bottom=&#8221;50&#8243; css=&#8221;.vc_custom_1568973883443{margin-bottom: 25px !important;}&#8221;][vc_column width=&#8221;1\/4&#8243;][vc_column_text css=&#8221;&#8221;]<img loading=\"lazy\" decoding=\"async\" class=\"aligncenter size-full wp-image-41157\" src=\"https:\/\/pedmede.gr\/wp-content\/uploads\/2026\/03\/d0140b75-faf7-f180-4f39-df198e85759d.jpg\" alt=\"\" width=\"360\" height=\"224\" srcset=\"https:\/\/pedmede.gr\/wp-content\/uploads\/2026\/03\/d0140b75-faf7-f180-4f39-df198e85759d.jpg 360w, https:\/\/pedmede.gr\/wp-content\/uploads\/2026\/03\/d0140b75-faf7-f180-4f39-df198e85759d-300x187.jpg 300w\" sizes=\"auto, (max-width: 360px) 100vw, 360px\" \/>[\/vc_column_text][\/vc_column][vc_column width=&#8221;3\/4&#8243;][vc_column_text css=&#8221;&#8221;]<\/p>\n<h3 class=\"null\">Call for Evidence on the &#8220;Water Framework Directive&#8221;<\/h3>\n<div>\n<p>The European Commission has launched a\u00a0<em>Call for Evidence<\/em>\u00a0as part of its recast proposal for the\u00a0<em>Water Framework Directive<\/em>\u00a0(WFD). Stakeholders are invited to share their experiences and evidence regarding the challenges posed by the interaction between\u00a0<em>Critical Raw Materials<\/em>\u00a0(CRM) projects and existing water legislation.<\/p>\n<p>Feedback can be provided until 14 April, and the legislative proposal is scheduled for adoption in Q2\/2026.<\/p>\n<\/div>\n<p>&nbsp;<\/p>\n<table border=\"0\" cellspacing=\"0\" cellpadding=\"0\">\n<tbody>\n<tr>\n<td align=\"center\" valign=\"middle\" bgcolor=\"#e40613\" width=\"150\" height=\"35\"><a href=\"https:\/\/environment.ec.europa.eu\/news\/commission-launches-call-evidence-water-legislation-2026-03-17_en\" target=\"_blank\" rel=\"noopener\">\u00a0\u00a0\u00a0<strong>Read more<\/strong>\u00a0\u00a0\u00a0<\/a><\/td>\n<\/tr>\n<\/tbody>\n<\/table>\n<p>[\/vc_column_text][\/vc_column][\/vc_row][vc_row margin_bottom=&#8221;50&#8243; css=&#8221;.vc_custom_1568973883443{margin-bottom: 25px !important;}&#8221;][vc_column width=&#8221;1\/4&#8243;][vc_column_text css=&#8221;&#8221;]<img loading=\"lazy\" decoding=\"async\" class=\"aligncenter size-full wp-image-41159\" src=\"https:\/\/pedmede.gr\/wp-content\/uploads\/2026\/03\/30aabbc2-643f-90e4-402b-2243c5bb0048.jpg\" alt=\"\" width=\"360\" height=\"202\" srcset=\"https:\/\/pedmede.gr\/wp-content\/uploads\/2026\/03\/30aabbc2-643f-90e4-402b-2243c5bb0048.jpg 360w, https:\/\/pedmede.gr\/wp-content\/uploads\/2026\/03\/30aabbc2-643f-90e4-402b-2243c5bb0048-300x168.jpg 300w\" sizes=\"auto, (max-width: 360px) 100vw, 360px\" \/>[\/vc_column_text][\/vc_column][vc_column width=&#8221;3\/4&#8243;][vc_column_text css=&#8221;&#8221;]<\/p>\n<h3 class=\"null\">Public feedback procedure on Delegated Acts under the Taxonomy Regulation<\/h3>\n<div>\n<p>The European Commission launched a public procedure seeking feedback on the draft revision of the\u00a0<em>Climate Delegated Act<\/em>\u00a0as well as the\u00a0<em>Environmental Delegated Act<\/em>\u00a0under the\u00a0<em>Taxonomy Regulation<\/em>\u00a0(TR). The initiative aims to update and simplify related technical screening criteria.<\/p>\n<p>Feedback can be provided until 14 April, and the adoption of the delegated acts by the European Commission is scheduled for Q2\/2026.<\/p>\n<\/div>\n<p>&nbsp;<\/p>\n<table border=\"0\" cellspacing=\"0\" cellpadding=\"0\">\n<tbody>\n<tr>\n<td align=\"center\" valign=\"middle\" bgcolor=\"#e40613\" width=\"150\" height=\"35\"><a href=\"https:\/\/finance.ec.europa.eu\/regulation-and-supervision\/financial-services-legislation\/implementing-and-delegated-acts\/taxonomy-regulation_en\" target=\"_blank\" rel=\"noopener\">\u00a0\u00a0\u00a0<strong>Read more<\/strong>\u00a0\u00a0\u00a0<\/a><\/td>\n<\/tr>\n<\/tbody>\n<\/table>\n<p>[\/vc_column_text][\/vc_column][\/vc_row][vc_row margin_bottom=&#8221;50&#8243; css=&#8221;.vc_custom_1568973883443{margin-bottom: 25px !important;}&#8221;][vc_column width=&#8221;1\/4&#8243;][vc_column_text css=&#8221;&#8221;]<img loading=\"lazy\" decoding=\"async\" class=\"aligncenter size-full wp-image-41161\" src=\"https:\/\/pedmede.gr\/wp-content\/uploads\/2026\/03\/39b1f134-c2c4-cde2-a5dd-311c82633194.jpg\" alt=\"\" width=\"340\" height=\"227\" srcset=\"https:\/\/pedmede.gr\/wp-content\/uploads\/2026\/03\/39b1f134-c2c4-cde2-a5dd-311c82633194.jpg 340w, https:\/\/pedmede.gr\/wp-content\/uploads\/2026\/03\/39b1f134-c2c4-cde2-a5dd-311c82633194-300x200.jpg 300w\" sizes=\"auto, (max-width: 340px) 100vw, 340px\" \/>[\/vc_column_text][\/vc_column][vc_column width=&#8221;3\/4&#8243;][vc_column_text css=&#8221;&#8221;]<\/p>\n<h3 class=\"null\">28th regime (\u201cEU Inc.\u201d): Towards simplification, with important open questions<\/h3>\n<div>On 18 March, the European Commission presented its proposal for a regulation creating a new European legal form, referred to as \u201cEU Inc.\u201d, as part as what is known as the &#8220;28th\u00a0regime&#8221;. This initiative aims to facilitate the establishment and development of companies in the Single Market through a more harmonised and digitalised framework.<\/div>\n<div>\n<p>For construction companies, particularly those operating across several Member States, the objective of simplification addresses concrete challenges linked to the fragmentation of national frameworks. The fact that the regime would be open to all companies, and not limited to start-ups, is also noteworthy.At this stage, several aspects of the proposal remain to be clarified during the legislative discussions. The envisaged regime primarily covers certain elements of company law (including incorporation, governance and financing), while key areas for businesses \u2014 notably taxation, social security and labour law \u2014 remain governed by existing national or EU frameworks.<\/p>\n<p>In this context, some provisions raise points of attention. In particular, linking the rules on employee participation to the Member State of the registered office could, according to some stakeholders, raise questions regarding the consistency of social frameworks and level playing field conditions. Similarly, ongoing discussions on share-based remuneration mechanisms (stock options) call for further clarification, notably as regards their implications for remuneration models.<\/p>\n<p>At this stage, the &#8220;28th regime&#8221; represents an important development in the European framework, the concrete effects of which will largely depend on the outcome of the legislative negotiations. The construction sector will continue to closely monitor developments in order to assess the extent to which this new instrument can deliver effective simplification, while ensuring a balanced and predictable framework.<\/p>\n<\/div>\n<p>&nbsp;<\/p>\n<table border=\"0\" cellspacing=\"0\" cellpadding=\"0\">\n<tbody>\n<tr>\n<td align=\"center\" valign=\"middle\" bgcolor=\"#e40613\" width=\"150\" height=\"35\"><a href=\"https:\/\/commission.europa.eu\/news-and-media\/news\/eu-inc-making-business-easier-european-union-2026-03-18_en\" target=\"_blank\" rel=\"noopener\">\u00a0\u00a0\u00a0<strong>Read more<\/strong>\u00a0\u00a0\u00a0<\/a><\/td>\n<\/tr>\n<\/tbody>\n<\/table>\n<p>[\/vc_column_text][\/vc_column][\/vc_row]<\/p>\n<\/div>","protected":false},"excerpt":{"rendered":"<p>[vc_row margin_bottom=&#8221;50&#8243; css=&#8221;.vc_custom_1568973883443{margin-bottom: 25px !important;}&#8221;][vc_column width=&#8221;1\/4&#8243;][vc_column_text css=&#8221;&#8221;][\/vc_column_text][\/vc_column][vc_column width=&#8221;3\/4&#8243;][vc_column_text css=&#8221;&#8221;] Election of Fr\u00e9d\u00e9ric Carr\u00e9, new FFB President Fr\u00e9d\u00e9ric Carr\u00e9 was elected President of FIEC&#8217;s French member federation, F\u00e9d\u00e9ration Fran\u00e7aise du B\u00e2timent (FFB), during the board meeting held on Friday, 20 March 2026.\u00a0He will take up his position on Friday 19 June 2026, following the next FFB&hellip;<\/p>\n","protected":false},"author":5,"featured_media":41151,"comment_status":"closed","ping_status":"closed","sticky":false,"template":"","format":"standard","meta":{"footnotes":""},"categories":[182],"tags":[],"class_list":["post-41164","post","type-post","status-publish","format-standard","has-post-thumbnail","hentry","category-news","category-182","description-off"],"yoast_head":"<!-- This site is optimized with the Yoast SEO plugin v24.6 - https:\/\/yoast.com\/wordpress\/plugins\/seo\/ -->\n<title>FIEC Newsletter - 24 March 2026 - \u03a0\u0395\u0394\u039c\u0395\u0394\u0395<\/title>\n<meta name=\"robots\" content=\"index, follow, max-snippet:-1, max-image-preview:large, max-video-preview:-1\" \/>\n<link rel=\"canonical\" href=\"https:\/\/pedmede.gr\/en\/fiec-newsletter-24-march-2026\/\" \/>\n<meta property=\"og:locale\" content=\"en_US\" \/>\n<meta property=\"og:type\" content=\"article\" \/>\n<meta property=\"og:title\" content=\"FIEC Newsletter - 24 March 2026 - \u03a0\u0395\u0394\u039c\u0395\u0394\u0395\" \/>\n<meta property=\"og:description\" content=\"[vc_row margin_bottom=&#8221;50&#8243; css=&#8221;.vc_custom_1568973883443{margin-bottom: 25px !important;}&#8221;][vc_column width=&#8221;1\/4&#8243;][vc_column_text css=&#8221;&#8221;][\/vc_column_text][\/vc_column][vc_column width=&#8221;3\/4&#8243;][vc_column_text css=&#8221;&#8221;] Election of Fr\u00e9d\u00e9ric Carr\u00e9, new FFB President Fr\u00e9d\u00e9ric Carr\u00e9 was elected President of FIEC&#8217;s French member federation, F\u00e9d\u00e9ration Fran\u00e7aise du B\u00e2timent (FFB), during the board meeting held on Friday, 20 March 2026.\u00a0He will take up his position on Friday 19 June 2026, following the next FFB&hellip;\" \/>\n<meta property=\"og:url\" content=\"https:\/\/pedmede.gr\/en\/fiec-newsletter-24-march-2026\/\" \/>\n<meta property=\"og:site_name\" content=\"\u03a0\u0395\u0394\u039c\u0395\u0394\u0395\" \/>\n<meta property=\"article:published_time\" content=\"2026-03-26T07:23:06+00:00\" \/>\n<meta property=\"og:image\" content=\"https:\/\/pedmede.gr\/wp-content\/uploads\/2026\/03\/\u03a3\u03c4\u03b9\u03b3\u03bc\u03b9\u03cc\u03c4\u03c5\u03c0\u03bf-\u03bf\u03b8\u03cc\u03bd\u03b7\u03c2-2026-03-26-090104.png\" \/>\n\t<meta property=\"og:image:width\" content=\"597\" \/>\n\t<meta property=\"og:image:height\" content=\"400\" \/>\n\t<meta property=\"og:image:type\" content=\"image\/png\" \/>\n<meta name=\"author\" content=\"\u0395\u039b\u0395\u039d\u0397 \u03a0\u0391\u03a0\u0391\u0393\u0399\u0391\u039d\u039d\u0397\" \/>\n<meta name=\"twitter:card\" content=\"summary_large_image\" \/>\n<meta name=\"twitter:label1\" content=\"Written by\" \/>\n\t<meta name=\"twitter:data1\" content=\"\u0395\u039b\u0395\u039d\u0397 \u03a0\u0391\u03a0\u0391\u0393\u0399\u0391\u039d\u039d\u0397\" \/>\n\t<meta name=\"twitter:label2\" content=\"Est. reading time\" \/>\n\t<meta name=\"twitter:data2\" content=\"7 minutes\" \/>\n<script type=\"application\/ld+json\" class=\"yoast-schema-graph\">{\"@context\":\"https:\/\/schema.org\",\"@graph\":[{\"@type\":\"WebPage\",\"@id\":\"https:\/\/pedmede.gr\/en\/fiec-newsletter-24-march-2026\/\",\"url\":\"https:\/\/pedmede.gr\/en\/fiec-newsletter-24-march-2026\/\",\"name\":\"FIEC Newsletter - 24 March 2026 - \u03a0\u0395\u0394\u039c\u0395\u0394\u0395\",\"isPartOf\":{\"@id\":\"https:\/\/pedmede.gr\/#website\"},\"primaryImageOfPage\":{\"@id\":\"https:\/\/pedmede.gr\/en\/fiec-newsletter-24-march-2026\/#primaryimage\"},\"image\":{\"@id\":\"https:\/\/pedmede.gr\/en\/fiec-newsletter-24-march-2026\/#primaryimage\"},\"thumbnailUrl\":\"https:\/\/pedmede.gr\/wp-content\/uploads\/2026\/03\/\u03a3\u03c4\u03b9\u03b3\u03bc\u03b9\u03cc\u03c4\u03c5\u03c0\u03bf-\u03bf\u03b8\u03cc\u03bd\u03b7\u03c2-2026-03-26-090104.png\",\"datePublished\":\"2026-03-26T07:23:06+00:00\",\"author\":{\"@id\":\"https:\/\/pedmede.gr\/#\/schema\/person\/cbc393887dc7994bca08ab3432a7b4c8\"},\"breadcrumb\":{\"@id\":\"https:\/\/pedmede.gr\/en\/fiec-newsletter-24-march-2026\/#breadcrumb\"},\"inLanguage\":\"en-US\",\"potentialAction\":[{\"@type\":\"ReadAction\",\"target\":[\"https:\/\/pedmede.gr\/en\/fiec-newsletter-24-march-2026\/\"]}]},{\"@type\":\"ImageObject\",\"inLanguage\":\"en-US\",\"@id\":\"https:\/\/pedmede.gr\/en\/fiec-newsletter-24-march-2026\/#primaryimage\",\"url\":\"https:\/\/pedmede.gr\/wp-content\/uploads\/2026\/03\/\u03a3\u03c4\u03b9\u03b3\u03bc\u03b9\u03cc\u03c4\u03c5\u03c0\u03bf-\u03bf\u03b8\u03cc\u03bd\u03b7\u03c2-2026-03-26-090104.png\",\"contentUrl\":\"https:\/\/pedmede.gr\/wp-content\/uploads\/2026\/03\/\u03a3\u03c4\u03b9\u03b3\u03bc\u03b9\u03cc\u03c4\u03c5\u03c0\u03bf-\u03bf\u03b8\u03cc\u03bd\u03b7\u03c2-2026-03-26-090104.png\",\"width\":597,\"height\":400},{\"@type\":\"BreadcrumbList\",\"@id\":\"https:\/\/pedmede.gr\/en\/fiec-newsletter-24-march-2026\/#breadcrumb\",\"itemListElement\":[{\"@type\":\"ListItem\",\"position\":1,\"name\":\"Home\",\"item\":\"https:\/\/pedmede.gr\/\"},{\"@type\":\"ListItem\",\"position\":2,\"name\":\"FIEC Newsletter &#8211; 24 March 2026\"}]},{\"@type\":\"WebSite\",\"@id\":\"https:\/\/pedmede.gr\/#website\",\"url\":\"https:\/\/pedmede.gr\/\",\"name\":\"\u03a0\u0395\u0394\u039c\u0395\u0394\u0395\",\"description\":\"\u03a0\u03b1\u03bd\u03b5\u03bb\u03bb\u03ae\u03bd\u03b9\u03b1 \u0388\u03bd\u03c9\u03c3\u03b7 \u0394\u03b9\u03c0\u03bb\u03c9\u03bc\u03b1\u03c4\u03bf\u03cd\u03c7\u03c9\u03bd \u039c\u03b7\u03c7\u03b1\u03bd\u03b9\u03ba\u03ce\u03bd \u0395\u03c1\u03b3\u03bf\u03bb\u03b7\u03c0\u03c4\u03ce\u03bd \u0394\u03b7\u03bc\u03bf\u03c3\u03af\u03c9\u03bd \u0388\u03c1\u03b3\u03c9\u03bd\",\"potentialAction\":[{\"@type\":\"SearchAction\",\"target\":{\"@type\":\"EntryPoint\",\"urlTemplate\":\"https:\/\/pedmede.gr\/?s={search_term_string}\"},\"query-input\":{\"@type\":\"PropertyValueSpecification\",\"valueRequired\":true,\"valueName\":\"search_term_string\"}}],\"inLanguage\":\"en-US\"},{\"@type\":\"Person\",\"@id\":\"https:\/\/pedmede.gr\/#\/schema\/person\/cbc393887dc7994bca08ab3432a7b4c8\",\"name\":\"\u0395\u039b\u0395\u039d\u0397 \u03a0\u0391\u03a0\u0391\u0393\u0399\u0391\u039d\u039d\u0397\",\"image\":{\"@type\":\"ImageObject\",\"inLanguage\":\"en-US\",\"@id\":\"https:\/\/pedmede.gr\/#\/schema\/person\/image\/\",\"url\":\"https:\/\/secure.gravatar.com\/avatar\/5f2b5857ff71a7cc93dec23c5f7ca03b?s=96&d=mm&r=g\",\"contentUrl\":\"https:\/\/secure.gravatar.com\/avatar\/5f2b5857ff71a7cc93dec23c5f7ca03b?s=96&d=mm&r=g\",\"caption\":\"\u0395\u039b\u0395\u039d\u0397 \u03a0\u0391\u03a0\u0391\u0393\u0399\u0391\u039d\u039d\u0397\"}}]}<\/script>\n<!-- \/ Yoast SEO plugin. -->","yoast_head_json":{"title":"FIEC Newsletter - 24 March 2026 - \u03a0\u0395\u0394\u039c\u0395\u0394\u0395","robots":{"index":"index","follow":"follow","max-snippet":"max-snippet:-1","max-image-preview":"max-image-preview:large","max-video-preview":"max-video-preview:-1"},"canonical":"https:\/\/pedmede.gr\/en\/fiec-newsletter-24-march-2026\/","og_locale":"en_US","og_type":"article","og_title":"FIEC Newsletter - 24 March 2026 - \u03a0\u0395\u0394\u039c\u0395\u0394\u0395","og_description":"[vc_row margin_bottom=&#8221;50&#8243; css=&#8221;.vc_custom_1568973883443{margin-bottom: 25px !important;}&#8221;][vc_column width=&#8221;1\/4&#8243;][vc_column_text css=&#8221;&#8221;][\/vc_column_text][\/vc_column][vc_column width=&#8221;3\/4&#8243;][vc_column_text css=&#8221;&#8221;] Election of Fr\u00e9d\u00e9ric Carr\u00e9, new FFB President Fr\u00e9d\u00e9ric Carr\u00e9 was elected President of FIEC&#8217;s French member federation, F\u00e9d\u00e9ration Fran\u00e7aise du B\u00e2timent (FFB), during the board meeting held on Friday, 20 March 2026.\u00a0He will take up his position on Friday 19 June 2026, following the next FFB&hellip;","og_url":"https:\/\/pedmede.gr\/en\/fiec-newsletter-24-march-2026\/","og_site_name":"\u03a0\u0395\u0394\u039c\u0395\u0394\u0395","article_published_time":"2026-03-26T07:23:06+00:00","og_image":[{"width":597,"height":400,"url":"https:\/\/pedmede.gr\/wp-content\/uploads\/2026\/03\/\u03a3\u03c4\u03b9\u03b3\u03bc\u03b9\u03cc\u03c4\u03c5\u03c0\u03bf-\u03bf\u03b8\u03cc\u03bd\u03b7\u03c2-2026-03-26-090104.png","type":"image\/png"}],"author":"\u0395\u039b\u0395\u039d\u0397 \u03a0\u0391\u03a0\u0391\u0393\u0399\u0391\u039d\u039d\u0397","twitter_card":"summary_large_image","twitter_misc":{"Written by":"\u0395\u039b\u0395\u039d\u0397 \u03a0\u0391\u03a0\u0391\u0393\u0399\u0391\u039d\u039d\u0397","Est. reading time":"7 minutes"},"schema":{"@context":"https:\/\/schema.org","@graph":[{"@type":"WebPage","@id":"https:\/\/pedmede.gr\/en\/fiec-newsletter-24-march-2026\/","url":"https:\/\/pedmede.gr\/en\/fiec-newsletter-24-march-2026\/","name":"FIEC Newsletter - 24 March 2026 - \u03a0\u0395\u0394\u039c\u0395\u0394\u0395","isPartOf":{"@id":"https:\/\/pedmede.gr\/#website"},"primaryImageOfPage":{"@id":"https:\/\/pedmede.gr\/en\/fiec-newsletter-24-march-2026\/#primaryimage"},"image":{"@id":"https:\/\/pedmede.gr\/en\/fiec-newsletter-24-march-2026\/#primaryimage"},"thumbnailUrl":"https:\/\/pedmede.gr\/wp-content\/uploads\/2026\/03\/\u03a3\u03c4\u03b9\u03b3\u03bc\u03b9\u03cc\u03c4\u03c5\u03c0\u03bf-\u03bf\u03b8\u03cc\u03bd\u03b7\u03c2-2026-03-26-090104.png","datePublished":"2026-03-26T07:23:06+00:00","author":{"@id":"https:\/\/pedmede.gr\/#\/schema\/person\/cbc393887dc7994bca08ab3432a7b4c8"},"breadcrumb":{"@id":"https:\/\/pedmede.gr\/en\/fiec-newsletter-24-march-2026\/#breadcrumb"},"inLanguage":"en-US","potentialAction":[{"@type":"ReadAction","target":["https:\/\/pedmede.gr\/en\/fiec-newsletter-24-march-2026\/"]}]},{"@type":"ImageObject","inLanguage":"en-US","@id":"https:\/\/pedmede.gr\/en\/fiec-newsletter-24-march-2026\/#primaryimage","url":"https:\/\/pedmede.gr\/wp-content\/uploads\/2026\/03\/\u03a3\u03c4\u03b9\u03b3\u03bc\u03b9\u03cc\u03c4\u03c5\u03c0\u03bf-\u03bf\u03b8\u03cc\u03bd\u03b7\u03c2-2026-03-26-090104.png","contentUrl":"https:\/\/pedmede.gr\/wp-content\/uploads\/2026\/03\/\u03a3\u03c4\u03b9\u03b3\u03bc\u03b9\u03cc\u03c4\u03c5\u03c0\u03bf-\u03bf\u03b8\u03cc\u03bd\u03b7\u03c2-2026-03-26-090104.png","width":597,"height":400},{"@type":"BreadcrumbList","@id":"https:\/\/pedmede.gr\/en\/fiec-newsletter-24-march-2026\/#breadcrumb","itemListElement":[{"@type":"ListItem","position":1,"name":"Home","item":"https:\/\/pedmede.gr\/"},{"@type":"ListItem","position":2,"name":"FIEC Newsletter &#8211; 24 March 2026"}]},{"@type":"WebSite","@id":"https:\/\/pedmede.gr\/#website","url":"https:\/\/pedmede.gr\/","name":"\u03a0\u0395\u0394\u039c\u0395\u0394\u0395","description":"\u03a0\u03b1\u03bd\u03b5\u03bb\u03bb\u03ae\u03bd\u03b9\u03b1 \u0388\u03bd\u03c9\u03c3\u03b7 \u0394\u03b9\u03c0\u03bb\u03c9\u03bc\u03b1\u03c4\u03bf\u03cd\u03c7\u03c9\u03bd \u039c\u03b7\u03c7\u03b1\u03bd\u03b9\u03ba\u03ce\u03bd \u0395\u03c1\u03b3\u03bf\u03bb\u03b7\u03c0\u03c4\u03ce\u03bd \u0394\u03b7\u03bc\u03bf\u03c3\u03af\u03c9\u03bd \u0388\u03c1\u03b3\u03c9\u03bd","potentialAction":[{"@type":"SearchAction","target":{"@type":"EntryPoint","urlTemplate":"https:\/\/pedmede.gr\/?s={search_term_string}"},"query-input":{"@type":"PropertyValueSpecification","valueRequired":true,"valueName":"search_term_string"}}],"inLanguage":"en-US"},{"@type":"Person","@id":"https:\/\/pedmede.gr\/#\/schema\/person\/cbc393887dc7994bca08ab3432a7b4c8","name":"\u0395\u039b\u0395\u039d\u0397 \u03a0\u0391\u03a0\u0391\u0393\u0399\u0391\u039d\u039d\u0397","image":{"@type":"ImageObject","inLanguage":"en-US","@id":"https:\/\/pedmede.gr\/#\/schema\/person\/image\/","url":"https:\/\/secure.gravatar.com\/avatar\/5f2b5857ff71a7cc93dec23c5f7ca03b?s=96&d=mm&r=g","contentUrl":"https:\/\/secure.gravatar.com\/avatar\/5f2b5857ff71a7cc93dec23c5f7ca03b?s=96&d=mm&r=g","caption":"\u0395\u039b\u0395\u039d\u0397 \u03a0\u0391\u03a0\u0391\u0393\u0399\u0391\u039d\u039d\u0397"}}]}},"_links":{"self":[{"href":"https:\/\/pedmede.gr\/en\/wp-json\/wp\/v2\/posts\/41164","targetHints":{"allow":["GET"]}}],"collection":[{"href":"https:\/\/pedmede.gr\/en\/wp-json\/wp\/v2\/posts"}],"about":[{"href":"https:\/\/pedmede.gr\/en\/wp-json\/wp\/v2\/types\/post"}],"author":[{"embeddable":true,"href":"https:\/\/pedmede.gr\/en\/wp-json\/wp\/v2\/users\/5"}],"replies":[{"embeddable":true,"href":"https:\/\/pedmede.gr\/en\/wp-json\/wp\/v2\/comments?post=41164"}],"version-history":[{"count":1,"href":"https:\/\/pedmede.gr\/en\/wp-json\/wp\/v2\/posts\/41164\/revisions"}],"predecessor-version":[{"id":41166,"href":"https:\/\/pedmede.gr\/en\/wp-json\/wp\/v2\/posts\/41164\/revisions\/41166"}],"wp:featuredmedia":[{"embeddable":true,"href":"https:\/\/pedmede.gr\/en\/wp-json\/wp\/v2\/media\/41151"}],"wp:attachment":[{"href":"https:\/\/pedmede.gr\/en\/wp-json\/wp\/v2\/media?parent=41164"}],"wp:term":[{"taxonomy":"category","embeddable":true,"href":"https:\/\/pedmede.gr\/en\/wp-json\/wp\/v2\/categories?post=41164"},{"taxonomy":"post_tag","embeddable":true,"href":"https:\/\/pedmede.gr\/en\/wp-json\/wp\/v2\/tags?post=41164"}],"curies":[{"name":"wp","href":"https:\/\/api.w.org\/{rel}","templated":true}]}}