{"id":39405,"date":"2025-11-28T12:27:02","date_gmt":"2025-11-28T10:27:02","guid":{"rendered":"https:\/\/pedmede.gr\/?p=39405"},"modified":"2025-12-01T12:27:32","modified_gmt":"2025-12-01T10:27:32","slug":"fiec-newsletter-25-november-2025","status":"publish","type":"post","link":"https:\/\/pedmede.gr\/en\/fiec-newsletter-25-november-2025\/","title":{"rendered":"FIEC Newsletter &#8211; 25 November 2025"},"content":{"rendered":"<div class=\"wpb-content-wrapper\"><p>[vc_row margin_bottom=&#8221;50&#8243; css=&#8221;.vc_custom_1568973883443{margin-bottom: 25px !important;}&#8221;][vc_column width=&#8221;1\/4&#8243;][vc_column_text css=&#8221;&#8221;]<img loading=\"lazy\" decoding=\"async\" class=\"aligncenter size-full wp-image-39361\" src=\"https:\/\/pedmede.gr\/wp-content\/uploads\/2025\/11\/OECD-Conf.jpg\" alt=\"\" width=\"400\" height=\"154\" srcset=\"https:\/\/pedmede.gr\/wp-content\/uploads\/2025\/11\/OECD-Conf.jpg 400w, https:\/\/pedmede.gr\/wp-content\/uploads\/2025\/11\/OECD-Conf-300x116.jpg 300w\" sizes=\"auto, (max-width: 400px) 100vw, 400px\" \/>[\/vc_column_text][\/vc_column][vc_column width=&#8221;3\/4&#8243;][vc_column_text css=&#8221;&#8221;]<\/p>\n<h3 class=\"null\">FIEC VP Schons at OECD Conference \u201cSimplifying for Success\u201d<\/h3>\n<p>On 17 November, in Paris, at the OECD High-Level Symposium \u201c<em>Smart rules, stronger business<\/em>\u201d, FIEC Vice-President Jo\u00ebl Schons highlighted FIEC\u2019s approach to affordable and sustainable housing. \u201c<em>Simplify and accelerate zoning, planning and permitting procedures, as time is money<\/em>\u201d, he said, and continued \u201c<em>Go for full digitalisation of procedures (using BIM, the Building Information Model), not just digital post boxes (asking for PDF documents); restore private investor confidence and use public investments as multiplier effect<\/em>\u201d.<\/p>\n<p>FIEC is looking forward to the forthcoming publication of the\u00a0<em>European Affordable Housing Plan<\/em>, together with the\u00a0<em>European Strategy for Housing Construction<\/em>, expected on 16 December.<\/p>\n<table border=\"0\" cellspacing=\"0\" cellpadding=\"0\">\n<tbody>\n<tr>\n<td align=\"center\" valign=\"middle\" bgcolor=\"#e40613\" width=\"150\" height=\"35\"><a href=\"https:\/\/www.oecd-events.org\/oecd-high-level-symposium-simplifying-for-success-\/en\" target=\"_blank\" rel=\"noopener\">\u00a0\u00a0\u00a0<strong>Read more<\/strong>\u00a0\u00a0\u00a0<\/a><\/td>\n<\/tr>\n<\/tbody>\n<\/table>\n<p>&nbsp;<\/p>\n<div><\/div>\n<p>[\/vc_column_text][\/vc_column][\/vc_row][vc_row margin_bottom=&#8221;50&#8243; css=&#8221;.vc_custom_1568973883443{margin-bottom: 25px !important;}&#8221;][vc_column width=&#8221;1\/4&#8243;][vc_column_text css=&#8221;&#8221;]<img loading=\"lazy\" decoding=\"async\" class=\"aligncenter size-full wp-image-39363\" src=\"https:\/\/pedmede.gr\/wp-content\/uploads\/2025\/11\/INsudtrial-Accelaration-Act.jpg\" alt=\"\" width=\"600\" height=\"318\" srcset=\"https:\/\/pedmede.gr\/wp-content\/uploads\/2025\/11\/INsudtrial-Accelaration-Act.jpg 600w, https:\/\/pedmede.gr\/wp-content\/uploads\/2025\/11\/INsudtrial-Accelaration-Act-300x159.jpg 300w\" sizes=\"auto, (max-width: 600px) 100vw, 600px\" \/>[\/vc_column_text][\/vc_column][vc_column width=&#8221;3\/4&#8243;][vc_column_text css=&#8221;&#8221;]<\/p>\n<h3 class=\"null\">In the news: FIEC Opinion on Industrial Accelerator Act<\/h3>\n<p>In our recent \u201c<em>opposite the editorial page<\/em>\u201d focused opinion (op-ed) published by Euractiv, FIEC Vice-Presidents, Grete Aspelund and Jean-Pierre Paseri, raise serious concerns about the forthcoming\u00a0<em>Industrial Accelerator Act<\/em>\u00a0(IAA) and its implications for the construction sector.<\/p>\n<p>While the Act aims to support decarbonisation, its current design risks distorting functional markets for secondary materials while creating significant additional administrative burdens, particularly for SMEs.<\/p>\n<p>We urge the European Commission to trust in existing tools, such as\u00a0<em>Environmental Product Declarations\u00a0<\/em>(EPDs) already required under the\u00a0<em>Construction Products Regulation\u00a0<\/em>(CPR), instead of introducing new, potentially conflicting \u201cgreen\u201d labels.<br \/>\nFIEC is also cautious against biased or inconsistent labelling schemes, which could not only undermine the sector\u2019s decarbonisation efforts but also drive up material costs if they are not aligned with CPR-defined methodologies.<\/p>\n<table border=\"0\" cellspacing=\"0\" cellpadding=\"0\">\n<tbody>\n<tr>\n<td align=\"center\" valign=\"middle\" bgcolor=\"#e40613\" width=\"150\" height=\"35\"><a href=\"https:\/\/www.euractiv.com\/opinion\/safeguarding-europes-sustainable-transition-why-construction-needs-coherent-rules\/\" target=\"_blank\" rel=\"noopener\">\u00a0<strong>FOCUSED OPINION<\/strong>\u00a0\u00a0<\/a><\/td>\n<\/tr>\n<\/tbody>\n<\/table>\n<p>[\/vc_column_text][\/vc_column][\/vc_row][vc_row margin_bottom=&#8221;50&#8243; css=&#8221;.vc_custom_1568973883443{margin-bottom: 25px !important;}&#8221;][vc_column width=&#8221;1\/4&#8243;][vc_column_text css=&#8221;&#8221;]<img loading=\"lazy\" decoding=\"async\" class=\"aligncenter size-full wp-image-39365\" src=\"https:\/\/pedmede.gr\/wp-content\/uploads\/2025\/11\/OMnibus.jpg\" alt=\"\" width=\"350\" height=\"195\" srcset=\"https:\/\/pedmede.gr\/wp-content\/uploads\/2025\/11\/OMnibus.jpg 350w, https:\/\/pedmede.gr\/wp-content\/uploads\/2025\/11\/OMnibus-300x167.jpg 300w\" sizes=\"auto, (max-width: 350px) 100vw, 350px\" \/>[\/vc_column_text][\/vc_column][vc_column width=&#8221;3\/4&#8243;][vc_column_text css=&#8221;&#8221;]<\/p>\n<h3 class=\"null\">First &#8220;Omnibus package&#8221;: Position adopted by European Parliament<\/h3>\n<p>The Members of the European Parliament have adopted (in plenary) their position on the first &#8220;<em>Omnibus Simplification Package<\/em>&#8220;, with a majority among centre-right groups.<\/p>\n<p>The package, which focuses on simplifying sustainability reporting, aims to streamline and improve the\u00a0<em>Corporate Social Responsibility Directive<\/em>\u00a0(CSRD) and the<em>\u00a0Corporate Sustainability Due Diligence<\/em>\u00a0(CSDDD) frameworks. A clear and practical reporting system is essential for enabling the construction sector to meet sustainability goals while supporting growth and employment.<\/p>\n<p>Trilogue negotiations with the Council and the European Commission are currently ongoing, with the goal of finalising the legal act before the end of the year.<\/p>\n<table border=\"0\" cellspacing=\"0\" cellpadding=\"0\">\n<tbody>\n<tr>\n<td align=\"center\" valign=\"middle\" bgcolor=\"#e40613\" width=\"150\" height=\"35\"><a href=\"https:\/\/www.europarl.europa.eu\/news\/en\/press-room\/20251106IPR31296\/sustainability-reporting-and-due-diligence-meps-back-simplification-changes\" target=\"_blank\" rel=\"noopener\">\u00a0\u00a0<strong>Read more<\/strong>\u00a0\u00a0\u00a0<\/a><\/td>\n<\/tr>\n<\/tbody>\n<\/table>\n<p>[\/vc_column_text][\/vc_column][\/vc_row][vc_row margin_bottom=&#8221;50&#8243; css=&#8221;.vc_custom_1568973883443{margin-bottom: 25px !important;}&#8221;][vc_column width=&#8221;1\/4&#8243;][vc_column_text css=&#8221;&#8221;]<img loading=\"lazy\" decoding=\"async\" class=\"aligncenter size-full wp-image-39367\" src=\"https:\/\/pedmede.gr\/wp-content\/uploads\/2025\/11\/EFBWW-conf.jpeg\" alt=\"\" width=\"450\" height=\"253\" srcset=\"https:\/\/pedmede.gr\/wp-content\/uploads\/2025\/11\/EFBWW-conf.jpeg 450w, https:\/\/pedmede.gr\/wp-content\/uploads\/2025\/11\/EFBWW-conf-300x169.jpeg 300w\" sizes=\"auto, (max-width: 450px) 100vw, 450px\" \/>[\/vc_column_text][\/vc_column][vc_column width=&#8221;3\/4&#8243;][vc_column_text css=&#8221;&#8221;]<\/p>\n<h3 class=\"null\">FIEC Director General at EFBWW Conference on Labour Shortages<\/h3>\n<p>On 19 November, FIEC was invited by the European Federation of Building and Woodworkers (EFBWW) to intervene in the\u00a0<em>Conference on Labour Shortages<\/em>\u00a0<em>in Wood and Construction<\/em>. FIEC Director General, Domenico Campogrande, participated in a panel debate to share the perspectives of construction companies, including good practices at national level.<\/p>\n<p>He highlighted the importance of improving the image of the sector, the need for more cooperation among training providers and companies, and the key role played by social partners.<\/p>\n<p>Back in March 2025, the European social partners for the construction sector, FIEC and EFBWW, published a\u00a0<em>Joint Declaration<\/em>\u00a0on labour and skills shortages<\/p>\n<table border=\"0\" cellspacing=\"0\" cellpadding=\"0\">\n<tbody>\n<tr>\n<td align=\"center\" valign=\"middle\" bgcolor=\"#e40613\" width=\"150\" height=\"35\"><a href=\"https:\/\/www.fiec.eu\/fiec-opinions\/position-papers-pl\/joint-declaration-european-social-partners-construction-labour-and-skills-shortages\" target=\"_blank\" rel=\"noopener\">\u00a0\u00a0<strong>Read more<\/strong>\u00a0\u00a0\u00a0<\/a><\/td>\n<\/tr>\n<\/tbody>\n<\/table>\n<p>[\/vc_column_text][\/vc_column][\/vc_row][vc_row margin_bottom=&#8221;50&#8243; css=&#8221;.vc_custom_1568973883443{margin-bottom: 25px !important;}&#8221;][vc_column width=&#8221;1\/4&#8243;][vc_column_text css=&#8221;&#8221;]<img loading=\"lazy\" decoding=\"async\" class=\"aligncenter size-full wp-image-39370\" src=\"https:\/\/pedmede.gr\/wp-content\/uploads\/2025\/11\/Political-agreemnt.png\" alt=\"\" width=\"350\" height=\"350\" srcset=\"https:\/\/pedmede.gr\/wp-content\/uploads\/2025\/11\/Political-agreemnt.png 350w, https:\/\/pedmede.gr\/wp-content\/uploads\/2025\/11\/Political-agreemnt-300x300.png 300w, https:\/\/pedmede.gr\/wp-content\/uploads\/2025\/11\/Political-agreemnt-150x150.png 150w\" sizes=\"auto, (max-width: 350px) 100vw, 350px\" \/>[\/vc_column_text][\/vc_column][vc_column width=&#8221;3\/4&#8243;][vc_column_text css=&#8221;&#8221;]<\/p>\n<h3 class=\"null\">Political agreement on EU Talent Pool<\/h3>\n<p>On 18 November, the European Parliament and the Council of the EU have concluded negotiations on the\u00a0<em>EU Talent Pool<\/em>, which\u00a0was proposed by the European Commission in 2023, as part of a package on\u00a0<em>Talent Mobility<\/em>.<\/p>\n<p>The\u00a0<em>EU Talent Pool<\/em>\u00a0aims to create an online platform to facilitate the recruitments of third-country nationals for sectors impacted by labour shortages.\u00a0The participation in the\u00a0<em>EU Talent Pool\u00a0<\/em>is voluntary for the Member States and will not impose disproportionate administrative burdens.\u00a0Both institutions must now confirm this agreement.<\/p>\n<table border=\"0\" cellspacing=\"0\" cellpadding=\"0\">\n<tbody>\n<tr>\n<td align=\"center\" valign=\"middle\" bgcolor=\"#e40613\" width=\"150\" height=\"35\"><a href=\"https:\/\/www.europarl.europa.eu\/news\/en\/press-room\/20251117IPR31428\/eu-talent-pool-deal-on-facilitating-international-recruitment\" target=\"_blank\" rel=\"noopener\">\u00a0\u00a0\u00a0<strong>Read more<\/strong>\u00a0\u00a0\u00a0<\/a><\/td>\n<\/tr>\n<\/tbody>\n<\/table>\n<p>[\/vc_column_text][\/vc_column][\/vc_row][vc_row margin_bottom=&#8221;50&#8243; css=&#8221;.vc_custom_1568973883443{margin-bottom: 25px !important;}&#8221;][vc_column width=&#8221;1\/4&#8243;][vc_column_text css=&#8221;&#8221;]<img loading=\"lazy\" decoding=\"async\" class=\"aligncenter size-full wp-image-39372\" src=\"https:\/\/pedmede.gr\/wp-content\/uploads\/2025\/11\/CB2-Logo.jpg\" alt=\"\" width=\"300\" height=\"300\" srcset=\"https:\/\/pedmede.gr\/wp-content\/uploads\/2025\/11\/CB2-Logo.jpg 300w, https:\/\/pedmede.gr\/wp-content\/uploads\/2025\/11\/CB2-Logo-150x150.jpg 150w\" sizes=\"auto, (max-width: 300px) 100vw, 300px\" \/>[\/vc_column_text][\/vc_column][vc_column width=&#8221;3\/4&#8243;][vc_column_text css=&#8221;&#8221;]<\/p>\n<h3 class=\"null\">Construction Blueprint 2: Open Call for an Expert<\/h3>\n<p>The\u00a0<em>Construction Blueprint 2\u00a0<\/em>project partners are looking for a company with experience in international quantitative studies and knowledge of the construction sector to update the\u00a0<em>Construction Blueprint Observatory<\/em>. The Observatory will be expanded to cover 12 EU countries, including topics such as energy efficiency, renewable energy, digitalisation, circular economy, and transversal skills.<\/p>\n<p>The Observatory will continue to serve as a key European tool for monitoring skills needs in support of the sector\u2019s transition towards 2030. More information and Terms of Reference can be found at the link below.<\/p>\n<table border=\"0\" cellspacing=\"0\" cellpadding=\"0\">\n<tbody>\n<tr>\n<td align=\"center\" valign=\"middle\" bgcolor=\"#e40613\" width=\"150\" height=\"35\"><a href=\"https:\/\/www.fiec.eu\/news\/news-2025\/construction-blueprint-2-open-call-update-eu-skills-observatory\" target=\"_blank\" rel=\"noopener\">\u00a0\u00a0\u00a0<strong>READ CALL<\/strong>\u00a0 \u00a0<\/a><\/td>\n<\/tr>\n<\/tbody>\n<\/table>\n<p>[\/vc_column_text][\/vc_column][\/vc_row][vc_row margin_bottom=&#8221;50&#8243; css=&#8221;.vc_custom_1568973883443{margin-bottom: 25px !important;}&#8221;][vc_column width=&#8221;1\/4&#8243;][vc_column_text css=&#8221;&#8221;]<img loading=\"lazy\" decoding=\"async\" class=\"aligncenter size-full wp-image-39374\" src=\"https:\/\/pedmede.gr\/wp-content\/uploads\/2025\/11\/FIEC-MESSAGE.jpg\" alt=\"\" width=\"650\" height=\"319\" srcset=\"https:\/\/pedmede.gr\/wp-content\/uploads\/2025\/11\/FIEC-MESSAGE.jpg 650w, https:\/\/pedmede.gr\/wp-content\/uploads\/2025\/11\/FIEC-MESSAGE-300x147.jpg 300w\" sizes=\"auto, (max-width: 650px) 100vw, 650px\" \/>[\/vc_column_text][\/vc_column][vc_column width=&#8221;3\/4&#8243;][vc_column_text css=&#8221;&#8221;]<\/p>\n<h3 class=\"null\">#FIEC120: A message by\u00a0Fran\u00e7ois Dutilleul (FFB)<\/h3>\n<p>As part of the ongoing celebrations of FIEC\u2019s 120th anniversary, we are pleased to share a dedicated message from Fran\u00e7ois Dutilleul, Chairman of the &#8220;<em>Europe and International Committee<\/em>&#8221; at the F\u00e9d\u00e9ration Fran\u00e7aise du B\u00e2timent (FFB), which is FIEC&#8217;s French member federation.<br \/>\nWe warmly thank Mr Dutilleul for his thoughtful and positive remarks, and for underscoring the importance of working and achieving together as a united European construction sector.<\/p>\n<p>His full video-message is available in the FIEC website video-gallery and on YouTube.<\/p>\n<table border=\"0\" cellspacing=\"0\" cellpadding=\"0\">\n<tbody>\n<tr>\n<td align=\"center\" valign=\"middle\" bgcolor=\"#e40613\" width=\"150\" height=\"35\"><a href=\"https:\/\/www.youtube.com\/watch?v=Z9wupRAxf1o\" target=\"_blank\" rel=\"noopener\">\u00a0\u00a0\u00a0<strong>WATCH VIDEO<\/strong>\u00a0 \u00a0<\/a><\/td>\n<\/tr>\n<\/tbody>\n<\/table>\n<p>[\/vc_column_text][\/vc_column][\/vc_row]<\/p>\n<\/div>","protected":false},"excerpt":{"rendered":"<p>[vc_row margin_bottom=&#8221;50&#8243; css=&#8221;.vc_custom_1568973883443{margin-bottom: 25px !important;}&#8221;][vc_column width=&#8221;1\/4&#8243;][vc_column_text css=&#8221;&#8221;][\/vc_column_text][\/vc_column][vc_column width=&#8221;3\/4&#8243;][vc_column_text css=&#8221;&#8221;] FIEC VP Schons at OECD Conference \u201cSimplifying for Success\u201d On 17 November, in Paris, at the OECD High-Level Symposium \u201cSmart rules, stronger business\u201d, FIEC Vice-President Jo\u00ebl Schons highlighted FIEC\u2019s approach to affordable and sustainable housing. \u201cSimplify and accelerate zoning, planning and permitting procedures, as time is&hellip;<\/p>\n","protected":false},"author":5,"featured_media":39377,"comment_status":"closed","ping_status":"closed","sticky":false,"template":"","format":"standard","meta":{"footnotes":""},"categories":[182],"tags":[],"class_list":["post-39405","post","type-post","status-publish","format-standard","has-post-thumbnail","hentry","category-news","category-182","description-off"],"yoast_head":"<!-- This site is optimized with the Yoast SEO plugin v24.6 - https:\/\/yoast.com\/wordpress\/plugins\/seo\/ -->\n<title>FIEC Newsletter - 25 November 2025 - \u03a0\u0395\u0394\u039c\u0395\u0394\u0395<\/title>\n<meta name=\"robots\" content=\"index, follow, max-snippet:-1, max-image-preview:large, max-video-preview:-1\" \/>\n<link rel=\"canonical\" href=\"https:\/\/pedmede.gr\/en\/fiec-newsletter-25-november-2025\/\" \/>\n<meta property=\"og:locale\" content=\"en_US\" \/>\n<meta property=\"og:type\" content=\"article\" \/>\n<meta property=\"og:title\" content=\"FIEC Newsletter - 25 November 2025 - \u03a0\u0395\u0394\u039c\u0395\u0394\u0395\" \/>\n<meta property=\"og:description\" content=\"[vc_row margin_bottom=&#8221;50&#8243; css=&#8221;.vc_custom_1568973883443{margin-bottom: 25px !important;}&#8221;][vc_column width=&#8221;1\/4&#8243;][vc_column_text css=&#8221;&#8221;][\/vc_column_text][\/vc_column][vc_column width=&#8221;3\/4&#8243;][vc_column_text css=&#8221;&#8221;] FIEC VP Schons at OECD Conference \u201cSimplifying for Success\u201d On 17 November, in Paris, at the OECD High-Level Symposium \u201cSmart rules, stronger business\u201d, FIEC Vice-President Jo\u00ebl Schons highlighted FIEC\u2019s approach to affordable and sustainable housing. \u201cSimplify and accelerate zoning, planning and permitting procedures, as time is&hellip;\" \/>\n<meta property=\"og:url\" content=\"https:\/\/pedmede.gr\/en\/fiec-newsletter-25-november-2025\/\" \/>\n<meta property=\"og:site_name\" content=\"\u03a0\u0395\u0394\u039c\u0395\u0394\u0395\" \/>\n<meta property=\"article:published_time\" content=\"2025-11-28T10:27:02+00:00\" \/>\n<meta property=\"article:modified_time\" content=\"2025-12-01T10:27:32+00:00\" \/>\n<meta property=\"og:image\" content=\"https:\/\/pedmede.gr\/wp-content\/uploads\/2025\/11\/25-Nov-2025-FIEC.png\" \/>\n\t<meta property=\"og:image:width\" content=\"598\" \/>\n\t<meta property=\"og:image:height\" content=\"391\" \/>\n\t<meta property=\"og:image:type\" content=\"image\/png\" \/>\n<meta name=\"author\" content=\"\u0395\u039b\u0395\u039d\u0397 \u03a0\u0391\u03a0\u0391\u0393\u0399\u0391\u039d\u039d\u0397\" \/>\n<meta name=\"twitter:card\" content=\"summary_large_image\" \/>\n<meta name=\"twitter:label1\" content=\"Written by\" \/>\n\t<meta name=\"twitter:data1\" content=\"\u0395\u039b\u0395\u039d\u0397 \u03a0\u0391\u03a0\u0391\u0393\u0399\u0391\u039d\u039d\u0397\" \/>\n\t<meta name=\"twitter:label2\" content=\"Est. reading time\" \/>\n\t<meta name=\"twitter:data2\" content=\"7 minutes\" \/>\n<script type=\"application\/ld+json\" class=\"yoast-schema-graph\">{\"@context\":\"https:\/\/schema.org\",\"@graph\":[{\"@type\":\"WebPage\",\"@id\":\"https:\/\/pedmede.gr\/en\/fiec-newsletter-25-november-2025\/\",\"url\":\"https:\/\/pedmede.gr\/en\/fiec-newsletter-25-november-2025\/\",\"name\":\"FIEC Newsletter - 25 November 2025 - \u03a0\u0395\u0394\u039c\u0395\u0394\u0395\",\"isPartOf\":{\"@id\":\"https:\/\/pedmede.gr\/#website\"},\"primaryImageOfPage\":{\"@id\":\"https:\/\/pedmede.gr\/en\/fiec-newsletter-25-november-2025\/#primaryimage\"},\"image\":{\"@id\":\"https:\/\/pedmede.gr\/en\/fiec-newsletter-25-november-2025\/#primaryimage\"},\"thumbnailUrl\":\"https:\/\/pedmede.gr\/wp-content\/uploads\/2025\/11\/25-Nov-2025-FIEC.png\",\"datePublished\":\"2025-11-28T10:27:02+00:00\",\"dateModified\":\"2025-12-01T10:27:32+00:00\",\"author\":{\"@id\":\"https:\/\/pedmede.gr\/#\/schema\/person\/cbc393887dc7994bca08ab3432a7b4c8\"},\"breadcrumb\":{\"@id\":\"https:\/\/pedmede.gr\/en\/fiec-newsletter-25-november-2025\/#breadcrumb\"},\"inLanguage\":\"en-US\",\"potentialAction\":[{\"@type\":\"ReadAction\",\"target\":[\"https:\/\/pedmede.gr\/en\/fiec-newsletter-25-november-2025\/\"]}]},{\"@type\":\"ImageObject\",\"inLanguage\":\"en-US\",\"@id\":\"https:\/\/pedmede.gr\/en\/fiec-newsletter-25-november-2025\/#primaryimage\",\"url\":\"https:\/\/pedmede.gr\/wp-content\/uploads\/2025\/11\/25-Nov-2025-FIEC.png\",\"contentUrl\":\"https:\/\/pedmede.gr\/wp-content\/uploads\/2025\/11\/25-Nov-2025-FIEC.png\",\"width\":598,\"height\":391},{\"@type\":\"BreadcrumbList\",\"@id\":\"https:\/\/pedmede.gr\/en\/fiec-newsletter-25-november-2025\/#breadcrumb\",\"itemListElement\":[{\"@type\":\"ListItem\",\"position\":1,\"name\":\"Home\",\"item\":\"https:\/\/pedmede.gr\/\"},{\"@type\":\"ListItem\",\"position\":2,\"name\":\"FIEC Newsletter &#8211; 25 November 2025\"}]},{\"@type\":\"WebSite\",\"@id\":\"https:\/\/pedmede.gr\/#website\",\"url\":\"https:\/\/pedmede.gr\/\",\"name\":\"\u03a0\u0395\u0394\u039c\u0395\u0394\u0395\",\"description\":\"\u03a0\u03b1\u03bd\u03b5\u03bb\u03bb\u03ae\u03bd\u03b9\u03b1 \u0388\u03bd\u03c9\u03c3\u03b7 \u0394\u03b9\u03c0\u03bb\u03c9\u03bc\u03b1\u03c4\u03bf\u03cd\u03c7\u03c9\u03bd \u039c\u03b7\u03c7\u03b1\u03bd\u03b9\u03ba\u03ce\u03bd \u0395\u03c1\u03b3\u03bf\u03bb\u03b7\u03c0\u03c4\u03ce\u03bd \u0394\u03b7\u03bc\u03bf\u03c3\u03af\u03c9\u03bd \u0388\u03c1\u03b3\u03c9\u03bd\",\"potentialAction\":[{\"@type\":\"SearchAction\",\"target\":{\"@type\":\"EntryPoint\",\"urlTemplate\":\"https:\/\/pedmede.gr\/?s={search_term_string}\"},\"query-input\":{\"@type\":\"PropertyValueSpecification\",\"valueRequired\":true,\"valueName\":\"search_term_string\"}}],\"inLanguage\":\"en-US\"},{\"@type\":\"Person\",\"@id\":\"https:\/\/pedmede.gr\/#\/schema\/person\/cbc393887dc7994bca08ab3432a7b4c8\",\"name\":\"\u0395\u039b\u0395\u039d\u0397 \u03a0\u0391\u03a0\u0391\u0393\u0399\u0391\u039d\u039d\u0397\",\"image\":{\"@type\":\"ImageObject\",\"inLanguage\":\"en-US\",\"@id\":\"https:\/\/pedmede.gr\/#\/schema\/person\/image\/\",\"url\":\"https:\/\/secure.gravatar.com\/avatar\/5f2b5857ff71a7cc93dec23c5f7ca03b?s=96&d=mm&r=g\",\"contentUrl\":\"https:\/\/secure.gravatar.com\/avatar\/5f2b5857ff71a7cc93dec23c5f7ca03b?s=96&d=mm&r=g\",\"caption\":\"\u0395\u039b\u0395\u039d\u0397 \u03a0\u0391\u03a0\u0391\u0393\u0399\u0391\u039d\u039d\u0397\"}}]}<\/script>\n<!-- \/ Yoast SEO plugin. -->","yoast_head_json":{"title":"FIEC Newsletter - 25 November 2025 - \u03a0\u0395\u0394\u039c\u0395\u0394\u0395","robots":{"index":"index","follow":"follow","max-snippet":"max-snippet:-1","max-image-preview":"max-image-preview:large","max-video-preview":"max-video-preview:-1"},"canonical":"https:\/\/pedmede.gr\/en\/fiec-newsletter-25-november-2025\/","og_locale":"en_US","og_type":"article","og_title":"FIEC Newsletter - 25 November 2025 - \u03a0\u0395\u0394\u039c\u0395\u0394\u0395","og_description":"[vc_row margin_bottom=&#8221;50&#8243; css=&#8221;.vc_custom_1568973883443{margin-bottom: 25px !important;}&#8221;][vc_column width=&#8221;1\/4&#8243;][vc_column_text css=&#8221;&#8221;][\/vc_column_text][\/vc_column][vc_column width=&#8221;3\/4&#8243;][vc_column_text css=&#8221;&#8221;] FIEC VP Schons at OECD Conference \u201cSimplifying for Success\u201d On 17 November, in Paris, at the OECD High-Level Symposium \u201cSmart rules, stronger business\u201d, FIEC Vice-President Jo\u00ebl Schons highlighted FIEC\u2019s approach to affordable and sustainable housing. \u201cSimplify and accelerate zoning, planning and permitting procedures, as time is&hellip;","og_url":"https:\/\/pedmede.gr\/en\/fiec-newsletter-25-november-2025\/","og_site_name":"\u03a0\u0395\u0394\u039c\u0395\u0394\u0395","article_published_time":"2025-11-28T10:27:02+00:00","article_modified_time":"2025-12-01T10:27:32+00:00","og_image":[{"width":598,"height":391,"url":"https:\/\/pedmede.gr\/wp-content\/uploads\/2025\/11\/25-Nov-2025-FIEC.png","type":"image\/png"}],"author":"\u0395\u039b\u0395\u039d\u0397 \u03a0\u0391\u03a0\u0391\u0393\u0399\u0391\u039d\u039d\u0397","twitter_card":"summary_large_image","twitter_misc":{"Written by":"\u0395\u039b\u0395\u039d\u0397 \u03a0\u0391\u03a0\u0391\u0393\u0399\u0391\u039d\u039d\u0397","Est. reading time":"7 minutes"},"schema":{"@context":"https:\/\/schema.org","@graph":[{"@type":"WebPage","@id":"https:\/\/pedmede.gr\/en\/fiec-newsletter-25-november-2025\/","url":"https:\/\/pedmede.gr\/en\/fiec-newsletter-25-november-2025\/","name":"FIEC Newsletter - 25 November 2025 - \u03a0\u0395\u0394\u039c\u0395\u0394\u0395","isPartOf":{"@id":"https:\/\/pedmede.gr\/#website"},"primaryImageOfPage":{"@id":"https:\/\/pedmede.gr\/en\/fiec-newsletter-25-november-2025\/#primaryimage"},"image":{"@id":"https:\/\/pedmede.gr\/en\/fiec-newsletter-25-november-2025\/#primaryimage"},"thumbnailUrl":"https:\/\/pedmede.gr\/wp-content\/uploads\/2025\/11\/25-Nov-2025-FIEC.png","datePublished":"2025-11-28T10:27:02+00:00","dateModified":"2025-12-01T10:27:32+00:00","author":{"@id":"https:\/\/pedmede.gr\/#\/schema\/person\/cbc393887dc7994bca08ab3432a7b4c8"},"breadcrumb":{"@id":"https:\/\/pedmede.gr\/en\/fiec-newsletter-25-november-2025\/#breadcrumb"},"inLanguage":"en-US","potentialAction":[{"@type":"ReadAction","target":["https:\/\/pedmede.gr\/en\/fiec-newsletter-25-november-2025\/"]}]},{"@type":"ImageObject","inLanguage":"en-US","@id":"https:\/\/pedmede.gr\/en\/fiec-newsletter-25-november-2025\/#primaryimage","url":"https:\/\/pedmede.gr\/wp-content\/uploads\/2025\/11\/25-Nov-2025-FIEC.png","contentUrl":"https:\/\/pedmede.gr\/wp-content\/uploads\/2025\/11\/25-Nov-2025-FIEC.png","width":598,"height":391},{"@type":"BreadcrumbList","@id":"https:\/\/pedmede.gr\/en\/fiec-newsletter-25-november-2025\/#breadcrumb","itemListElement":[{"@type":"ListItem","position":1,"name":"Home","item":"https:\/\/pedmede.gr\/"},{"@type":"ListItem","position":2,"name":"FIEC Newsletter &#8211; 25 November 2025"}]},{"@type":"WebSite","@id":"https:\/\/pedmede.gr\/#website","url":"https:\/\/pedmede.gr\/","name":"\u03a0\u0395\u0394\u039c\u0395\u0394\u0395","description":"\u03a0\u03b1\u03bd\u03b5\u03bb\u03bb\u03ae\u03bd\u03b9\u03b1 \u0388\u03bd\u03c9\u03c3\u03b7 \u0394\u03b9\u03c0\u03bb\u03c9\u03bc\u03b1\u03c4\u03bf\u03cd\u03c7\u03c9\u03bd \u039c\u03b7\u03c7\u03b1\u03bd\u03b9\u03ba\u03ce\u03bd \u0395\u03c1\u03b3\u03bf\u03bb\u03b7\u03c0\u03c4\u03ce\u03bd \u0394\u03b7\u03bc\u03bf\u03c3\u03af\u03c9\u03bd \u0388\u03c1\u03b3\u03c9\u03bd","potentialAction":[{"@type":"SearchAction","target":{"@type":"EntryPoint","urlTemplate":"https:\/\/pedmede.gr\/?s={search_term_string}"},"query-input":{"@type":"PropertyValueSpecification","valueRequired":true,"valueName":"search_term_string"}}],"inLanguage":"en-US"},{"@type":"Person","@id":"https:\/\/pedmede.gr\/#\/schema\/person\/cbc393887dc7994bca08ab3432a7b4c8","name":"\u0395\u039b\u0395\u039d\u0397 \u03a0\u0391\u03a0\u0391\u0393\u0399\u0391\u039d\u039d\u0397","image":{"@type":"ImageObject","inLanguage":"en-US","@id":"https:\/\/pedmede.gr\/#\/schema\/person\/image\/","url":"https:\/\/secure.gravatar.com\/avatar\/5f2b5857ff71a7cc93dec23c5f7ca03b?s=96&d=mm&r=g","contentUrl":"https:\/\/secure.gravatar.com\/avatar\/5f2b5857ff71a7cc93dec23c5f7ca03b?s=96&d=mm&r=g","caption":"\u0395\u039b\u0395\u039d\u0397 \u03a0\u0391\u03a0\u0391\u0393\u0399\u0391\u039d\u039d\u0397"}}]}},"_links":{"self":[{"href":"https:\/\/pedmede.gr\/en\/wp-json\/wp\/v2\/posts\/39405","targetHints":{"allow":["GET"]}}],"collection":[{"href":"https:\/\/pedmede.gr\/en\/wp-json\/wp\/v2\/posts"}],"about":[{"href":"https:\/\/pedmede.gr\/en\/wp-json\/wp\/v2\/types\/post"}],"author":[{"embeddable":true,"href":"https:\/\/pedmede.gr\/en\/wp-json\/wp\/v2\/users\/5"}],"replies":[{"embeddable":true,"href":"https:\/\/pedmede.gr\/en\/wp-json\/wp\/v2\/comments?post=39405"}],"version-history":[{"count":1,"href":"https:\/\/pedmede.gr\/en\/wp-json\/wp\/v2\/posts\/39405\/revisions"}],"predecessor-version":[{"id":39407,"href":"https:\/\/pedmede.gr\/en\/wp-json\/wp\/v2\/posts\/39405\/revisions\/39407"}],"wp:featuredmedia":[{"embeddable":true,"href":"https:\/\/pedmede.gr\/en\/wp-json\/wp\/v2\/media\/39377"}],"wp:attachment":[{"href":"https:\/\/pedmede.gr\/en\/wp-json\/wp\/v2\/media?parent=39405"}],"wp:term":[{"taxonomy":"category","embeddable":true,"href":"https:\/\/pedmede.gr\/en\/wp-json\/wp\/v2\/categories?post=39405"},{"taxonomy":"post_tag","embeddable":true,"href":"https:\/\/pedmede.gr\/en\/wp-json\/wp\/v2\/tags?post=39405"}],"curies":[{"name":"wp","href":"https:\/\/api.w.org\/{rel}","templated":true}]}}